{"id":896,"date":"2024-01-19T10:42:06","date_gmt":"2024-01-19T13:42:06","guid":{"rendered":"https:\/\/fazendasertao.com\/?p=896"},"modified":"2024-03-22T14:16:36","modified_gmt":"2024-03-22T17:16:36","slug":"cultivando-conexoes-uma-jornada-pelos-bastidores-da-agrofloresta","status":"publish","type":"post","link":"https:\/\/fazendasertao.com\/index.php\/2024\/01\/19\/cultivando-conexoes-uma-jornada-pelos-bastidores-da-agrofloresta\/","title":{"rendered":"Cultivando Conex\u00f5es: Uma Jornada Pelos Bastidores da Agrofloresta"},"content":{"rendered":"","protected":false},"excerpt":{"rendered":"<p>Adentre o mundo da agrofloresta conosco e explore como cada planta na Fazenda Sert\u00e3o desempenha um papel crucial na cria\u00e7\u00e3o de um ecossistema harmonioso.<\/p>\n","protected":false},"author":1,"featured_media":1752,"comment_status":"open","ping_status":"open","sticky":false,"template":"","format":"standard","meta":{"site-sidebar-layout":"default","site-content-layout":"","ast-site-content-layout":"","site-content-style":"default","site-sidebar-style":"default","ast-global-header-display":"","ast-banner-title-visibility":"","ast-main-header-display":"","ast-hfb-above-header-display":"","ast-hfb-below-header-display":"","ast-hfb-mobile-header-display":"","site-post-title":"","ast-breadcrumbs-content":"","ast-featured-img":"","footer-sml-layout":"","theme-transparent-header-meta":"","adv-header-id-meta":"","stick-header-meta":"","header-above-stick-meta":"","header-main-stick-meta":"","header-below-stick-meta":"","astra-migrate-meta-layouts":"default","ast-page-background-enabled":"default","ast-page-background-meta":{"desktop":{"background-color":"var(--ast-global-color-4)","background-image":"","background-repeat":"repeat","background-position":"center center","background-size":"auto","background-attachment":"scroll","background-type":"","background-media":"","overlay-type":"","overlay-color":"","overlay-gradient":""},"tablet":{"background-color":"","background-image":"","background-repeat":"repeat","background-position":"center center","background-size":"auto","background-attachment":"scroll","background-type":"","background-media":"","overlay-type":"","overlay-color":"","overlay-gradient":""},"mobile":{"background-color":"","background-image":"","background-repeat":"repeat","background-position":"center center","background-size":"auto","background-attachment":"scroll","background-type":"","background-media":"","overlay-type":"","overlay-color":"","overlay-gradient":""}},"ast-content-background-meta":{"desktop":{"background-color":"var(--ast-global-color-5)","background-image":"","background-repeat":"repeat","background-position":"center center","background-size":"auto","background-attachment":"scroll","background-type":"","background-media":"","overlay-type":"","overlay-color":"","overlay-gradient":""},"tablet":{"background-color":"var(--ast-global-color-5)","background-image":"","background-repeat":"repeat","background-position":"center center","background-size":"auto","background-attachment":"scroll","background-type":"","background-media":"","overlay-type":"","overlay-color":"","overlay-gradient":""},"mobile":{"background-color":"var(--ast-global-color-5)","background-image":"","background-repeat":"repeat","background-position":"center center","background-size":"auto","background-attachment":"scroll","background-type":"","background-media":"","overlay-type":"","overlay-color":"","overlay-gradient":""}},"cybocfi_hide_featured_image":"","footnotes":""},"categories":[1],"tags":[],"yoast_head":"<!-- This site is optimized with the Yoast SEO plugin v22.3 - https:\/\/yoast.com\/wordpress\/plugins\/seo\/ -->\n<title>Cultivando Conex\u00f5es: Uma Jornada Pelos Bastidores da Agrofloresta - fazendasertao.com<\/title>\n<meta name=\"robots\" content=\"index, follow, max-snippet:-1, max-image-preview:large, max-video-preview:-1\" \/>\n<link rel=\"canonical\" href=\"https:\/\/fazendasertao.com\/index.php\/2024\/01\/19\/cultivando-conexoes-uma-jornada-pelos-bastidores-da-agrofloresta\/\" \/>\n<meta property=\"og:locale\" content=\"en_US\" \/>\n<meta property=\"og:type\" content=\"article\" \/>\n<meta property=\"og:title\" content=\"Cultivando Conex\u00f5es: Uma Jornada Pelos Bastidores da Agrofloresta - fazendasertao.com\" \/>\n<meta property=\"og:description\" content=\"Adentre o mundo da agrofloresta conosco e explore como cada planta na Fazenda Sert\u00e3o desempenha um papel crucial na cria\u00e7\u00e3o de um ecossistema harmonioso.\" \/>\n<meta property=\"og:url\" content=\"https:\/\/fazendasertao.com\/index.php\/2024\/01\/19\/cultivando-conexoes-uma-jornada-pelos-bastidores-da-agrofloresta\/\" \/>\n<meta property=\"og:site_name\" content=\"fazendasertao.com\" \/>\n<meta property=\"article:published_time\" content=\"2024-01-19T13:42:06+00:00\" \/>\n<meta property=\"article:modified_time\" content=\"2024-03-22T17:16:36+00:00\" \/>\n<meta property=\"og:image\" content=\"https:\/\/fazendasertao.com\/wp-content\/uploads\/2024\/03\/127-Copia-scaled.jpg\" \/>\n\t<meta property=\"og:image:width\" content=\"2560\" \/>\n\t<meta property=\"og:image:height\" content=\"1707\" \/>\n\t<meta property=\"og:image:type\" content=\"image\/jpeg\" \/>\n<meta name=\"author\" content=\"fazendasertao.com\" \/>\n<meta name=\"twitter:card\" content=\"summary_large_image\" \/>\n<meta name=\"twitter:label1\" content=\"Written by\" \/>\n\t<meta name=\"twitter:data1\" content=\"fazendasertao.com\" \/>\n<script type=\"application\/ld+json\" class=\"yoast-schema-graph\">{\"@context\":\"https:\/\/schema.org\",\"@graph\":[{\"@type\":\"Article\",\"@id\":\"https:\/\/fazendasertao.com\/index.php\/2024\/01\/19\/cultivando-conexoes-uma-jornada-pelos-bastidores-da-agrofloresta\/#article\",\"isPartOf\":{\"@id\":\"https:\/\/fazendasertao.com\/index.php\/2024\/01\/19\/cultivando-conexoes-uma-jornada-pelos-bastidores-da-agrofloresta\/\"},\"author\":{\"name\":\"fazendasertao.com\",\"@id\":\"https:\/\/fazendasertao.com\/#\/schema\/person\/38649f5554d86b548a0525420d7a4d82\"},\"headline\":\"Cultivando Conex\u00f5es: Uma Jornada Pelos Bastidores da Agrofloresta\",\"datePublished\":\"2024-01-19T13:42:06+00:00\",\"dateModified\":\"2024-03-22T17:16:36+00:00\",\"mainEntityOfPage\":{\"@id\":\"https:\/\/fazendasertao.com\/index.php\/2024\/01\/19\/cultivando-conexoes-uma-jornada-pelos-bastidores-da-agrofloresta\/\"},\"wordCount\":9,\"commentCount\":0,\"publisher\":{\"@id\":\"https:\/\/fazendasertao.com\/#organization\"},\"image\":{\"@id\":\"https:\/\/fazendasertao.com\/index.php\/2024\/01\/19\/cultivando-conexoes-uma-jornada-pelos-bastidores-da-agrofloresta\/#primaryimage\"},\"thumbnailUrl\":\"https:\/\/fazendasertao.com\/wp-content\/uploads\/2024\/03\/127-Copia-scaled.jpg\",\"articleSection\":[\"Blog\"],\"inLanguage\":\"en-US\",\"potentialAction\":[{\"@type\":\"CommentAction\",\"name\":\"Comment\",\"target\":[\"https:\/\/fazendasertao.com\/index.php\/2024\/01\/19\/cultivando-conexoes-uma-jornada-pelos-bastidores-da-agrofloresta\/#respond\"]}]},{\"@type\":\"WebPage\",\"@id\":\"https:\/\/fazendasertao.com\/index.php\/2024\/01\/19\/cultivando-conexoes-uma-jornada-pelos-bastidores-da-agrofloresta\/\",\"url\":\"https:\/\/fazendasertao.com\/index.php\/2024\/01\/19\/cultivando-conexoes-uma-jornada-pelos-bastidores-da-agrofloresta\/\",\"name\":\"Cultivando Conex\u00f5es: Uma Jornada Pelos Bastidores da Agrofloresta - fazendasertao.com\",\"isPartOf\":{\"@id\":\"https:\/\/fazendasertao.com\/#website\"},\"primaryImageOfPage\":{\"@id\":\"https:\/\/fazendasertao.com\/index.php\/2024\/01\/19\/cultivando-conexoes-uma-jornada-pelos-bastidores-da-agrofloresta\/#primaryimage\"},\"image\":{\"@id\":\"https:\/\/fazendasertao.com\/index.php\/2024\/01\/19\/cultivando-conexoes-uma-jornada-pelos-bastidores-da-agrofloresta\/#primaryimage\"},\"thumbnailUrl\":\"https:\/\/fazendasertao.com\/wp-content\/uploads\/2024\/03\/127-Copia-scaled.jpg\",\"datePublished\":\"2024-01-19T13:42:06+00:00\",\"dateModified\":\"2024-03-22T17:16:36+00:00\",\"breadcrumb\":{\"@id\":\"https:\/\/fazendasertao.com\/index.php\/2024\/01\/19\/cultivando-conexoes-uma-jornada-pelos-bastidores-da-agrofloresta\/#breadcrumb\"},\"inLanguage\":\"en-US\",\"potentialAction\":[{\"@type\":\"ReadAction\",\"target\":[\"https:\/\/fazendasertao.com\/index.php\/2024\/01\/19\/cultivando-conexoes-uma-jornada-pelos-bastidores-da-agrofloresta\/\"]}]},{\"@type\":\"ImageObject\",\"inLanguage\":\"en-US\",\"@id\":\"https:\/\/fazendasertao.com\/index.php\/2024\/01\/19\/cultivando-conexoes-uma-jornada-pelos-bastidores-da-agrofloresta\/#primaryimage\",\"url\":\"https:\/\/fazendasertao.com\/wp-content\/uploads\/2024\/03\/127-Copia-scaled.jpg\",\"contentUrl\":\"https:\/\/fazendasertao.com\/wp-content\/uploads\/2024\/03\/127-Copia-scaled.jpg\",\"width\":2560,\"height\":1707},{\"@type\":\"BreadcrumbList\",\"@id\":\"https:\/\/fazendasertao.com\/index.php\/2024\/01\/19\/cultivando-conexoes-uma-jornada-pelos-bastidores-da-agrofloresta\/#breadcrumb\",\"itemListElement\":[{\"@type\":\"ListItem\",\"position\":1,\"name\":\"In\u00edcio\",\"item\":\"https:\/\/fazendasertao.com\/\"},{\"@type\":\"ListItem\",\"position\":2,\"name\":\"Cultivando Conex\u00f5es: Uma Jornada Pelos Bastidores da Agrofloresta\"}]},{\"@type\":\"WebSite\",\"@id\":\"https:\/\/fazendasertao.com\/#website\",\"url\":\"https:\/\/fazendasertao.com\/\",\"name\":\"fazendasertao.com\",\"description\":\"\",\"publisher\":{\"@id\":\"https:\/\/fazendasertao.com\/#organization\"},\"potentialAction\":[{\"@type\":\"SearchAction\",\"target\":{\"@type\":\"EntryPoint\",\"urlTemplate\":\"https:\/\/fazendasertao.com\/?s={search_term_string}\"},\"query-input\":\"required name=search_term_string\"}],\"inLanguage\":\"en-US\"},{\"@type\":\"Organization\",\"@id\":\"https:\/\/fazendasertao.com\/#organization\",\"name\":\"fazendasertao.com\",\"url\":\"https:\/\/fazendasertao.com\/\",\"logo\":{\"@type\":\"ImageObject\",\"inLanguage\":\"en-US\",\"@id\":\"https:\/\/fazendasertao.com\/#\/schema\/logo\/image\/\",\"url\":\"https:\/\/fazendasertao.com\/wp-content\/uploads\/2024\/01\/Logo-Horizontal.webp\",\"contentUrl\":\"https:\/\/fazendasertao.com\/wp-content\/uploads\/2024\/01\/Logo-Horizontal.webp\",\"width\":500,\"height\":335,\"caption\":\"fazendasertao.com\"},\"image\":{\"@id\":\"https:\/\/fazendasertao.com\/#\/schema\/logo\/image\/\"}},{\"@type\":\"Person\",\"@id\":\"https:\/\/fazendasertao.com\/#\/schema\/person\/38649f5554d86b548a0525420d7a4d82\",\"name\":\"fazendasertao.com\",\"image\":{\"@type\":\"ImageObject\",\"inLanguage\":\"en-US\",\"@id\":\"https:\/\/fazendasertao.com\/#\/schema\/person\/image\/\",\"url\":\"https:\/\/secure.gravatar.com\/avatar\/a1869b495363e323c6bd587a8e161e2a?s=96&d=mm&r=g\",\"contentUrl\":\"https:\/\/secure.gravatar.com\/avatar\/a1869b495363e323c6bd587a8e161e2a?s=96&d=mm&r=g\",\"caption\":\"fazendasertao.com\"},\"sameAs\":[\"http:\/\/fazendasertao.com\"],\"url\":\"https:\/\/fazendasertao.com\/index.php\/author\/fazendasertao-com\/\"}]}<\/script>\n<!-- \/ Yoast SEO plugin. -->","yoast_head_json":{"title":"Cultivando Conex\u00f5es: Uma Jornada Pelos Bastidores da Agrofloresta - fazendasertao.com","robots":{"index":"index","follow":"follow","max-snippet":"max-snippet:-1","max-image-preview":"max-image-preview:large","max-video-preview":"max-video-preview:-1"},"canonical":"https:\/\/fazendasertao.com\/index.php\/2024\/01\/19\/cultivando-conexoes-uma-jornada-pelos-bastidores-da-agrofloresta\/","og_locale":"en_US","og_type":"article","og_title":"Cultivando Conex\u00f5es: Uma Jornada Pelos Bastidores da Agrofloresta - fazendasertao.com","og_description":"Adentre o mundo da agrofloresta conosco e explore como cada planta na Fazenda Sert\u00e3o desempenha um papel crucial na cria\u00e7\u00e3o de um ecossistema harmonioso.","og_url":"https:\/\/fazendasertao.com\/index.php\/2024\/01\/19\/cultivando-conexoes-uma-jornada-pelos-bastidores-da-agrofloresta\/","og_site_name":"fazendasertao.com","article_published_time":"2024-01-19T13:42:06+00:00","article_modified_time":"2024-03-22T17:16:36+00:00","og_image":[{"width":2560,"height":1707,"url":"https:\/\/fazendasertao.com\/wp-content\/uploads\/2024\/03\/127-Copia-scaled.jpg","type":"image\/jpeg"}],"author":"fazendasertao.com","twitter_card":"summary_large_image","twitter_misc":{"Written by":"fazendasertao.com"},"schema":{"@context":"https:\/\/schema.org","@graph":[{"@type":"Article","@id":"https:\/\/fazendasertao.com\/index.php\/2024\/01\/19\/cultivando-conexoes-uma-jornada-pelos-bastidores-da-agrofloresta\/#article","isPartOf":{"@id":"https:\/\/fazendasertao.com\/index.php\/2024\/01\/19\/cultivando-conexoes-uma-jornada-pelos-bastidores-da-agrofloresta\/"},"author":{"name":"fazendasertao.com","@id":"https:\/\/fazendasertao.com\/#\/schema\/person\/38649f5554d86b548a0525420d7a4d82"},"headline":"Cultivando Conex\u00f5es: Uma Jornada Pelos Bastidores da Agrofloresta","datePublished":"2024-01-19T13:42:06+00:00","dateModified":"2024-03-22T17:16:36+00:00","mainEntityOfPage":{"@id":"https:\/\/fazendasertao.com\/index.php\/2024\/01\/19\/cultivando-conexoes-uma-jornada-pelos-bastidores-da-agrofloresta\/"},"wordCount":9,"commentCount":0,"publisher":{"@id":"https:\/\/fazendasertao.com\/#organization"},"image":{"@id":"https:\/\/fazendasertao.com\/index.php\/2024\/01\/19\/cultivando-conexoes-uma-jornada-pelos-bastidores-da-agrofloresta\/#primaryimage"},"thumbnailUrl":"https:\/\/fazendasertao.com\/wp-content\/uploads\/2024\/03\/127-Copia-scaled.jpg","articleSection":["Blog"],"inLanguage":"en-US","potentialAction":[{"@type":"CommentAction","name":"Comment","target":["https:\/\/fazendasertao.com\/index.php\/2024\/01\/19\/cultivando-conexoes-uma-jornada-pelos-bastidores-da-agrofloresta\/#respond"]}]},{"@type":"WebPage","@id":"https:\/\/fazendasertao.com\/index.php\/2024\/01\/19\/cultivando-conexoes-uma-jornada-pelos-bastidores-da-agrofloresta\/","url":"https:\/\/fazendasertao.com\/index.php\/2024\/01\/19\/cultivando-conexoes-uma-jornada-pelos-bastidores-da-agrofloresta\/","name":"Cultivando Conex\u00f5es: Uma Jornada Pelos Bastidores da Agrofloresta - fazendasertao.com","isPartOf":{"@id":"https:\/\/fazendasertao.com\/#website"},"primaryImageOfPage":{"@id":"https:\/\/fazendasertao.com\/index.php\/2024\/01\/19\/cultivando-conexoes-uma-jornada-pelos-bastidores-da-agrofloresta\/#primaryimage"},"image":{"@id":"https:\/\/fazendasertao.com\/index.php\/2024\/01\/19\/cultivando-conexoes-uma-jornada-pelos-bastidores-da-agrofloresta\/#primaryimage"},"thumbnailUrl":"https:\/\/fazendasertao.com\/wp-content\/uploads\/2024\/03\/127-Copia-scaled.jpg","datePublished":"2024-01-19T13:42:06+00:00","dateModified":"2024-03-22T17:16:36+00:00","breadcrumb":{"@id":"https:\/\/fazendasertao.com\/index.php\/2024\/01\/19\/cultivando-conexoes-uma-jornada-pelos-bastidores-da-agrofloresta\/#breadcrumb"},"inLanguage":"en-US","potentialAction":[{"@type":"ReadAction","target":["https:\/\/fazendasertao.com\/index.php\/2024\/01\/19\/cultivando-conexoes-uma-jornada-pelos-bastidores-da-agrofloresta\/"]}]},{"@type":"ImageObject","inLanguage":"en-US","@id":"https:\/\/fazendasertao.com\/index.php\/2024\/01\/19\/cultivando-conexoes-uma-jornada-pelos-bastidores-da-agrofloresta\/#primaryimage","url":"https:\/\/fazendasertao.com\/wp-content\/uploads\/2024\/03\/127-Copia-scaled.jpg","contentUrl":"https:\/\/fazendasertao.com\/wp-content\/uploads\/2024\/03\/127-Copia-scaled.jpg","width":2560,"height":1707},{"@type":"BreadcrumbList","@id":"https:\/\/fazendasertao.com\/index.php\/2024\/01\/19\/cultivando-conexoes-uma-jornada-pelos-bastidores-da-agrofloresta\/#breadcrumb","itemListElement":[{"@type":"ListItem","position":1,"name":"In\u00edcio","item":"https:\/\/fazendasertao.com\/"},{"@type":"ListItem","position":2,"name":"Cultivando Conex\u00f5es: Uma Jornada Pelos Bastidores da Agrofloresta"}]},{"@type":"WebSite","@id":"https:\/\/fazendasertao.com\/#website","url":"https:\/\/fazendasertao.com\/","name":"fazendasertao.com","description":"","publisher":{"@id":"https:\/\/fazendasertao.com\/#organization"},"potentialAction":[{"@type":"SearchAction","target":{"@type":"EntryPoint","urlTemplate":"https:\/\/fazendasertao.com\/?s={search_term_string}"},"query-input":"required name=search_term_string"}],"inLanguage":"en-US"},{"@type":"Organization","@id":"https:\/\/fazendasertao.com\/#organization","name":"fazendasertao.com","url":"https:\/\/fazendasertao.com\/","logo":{"@type":"ImageObject","inLanguage":"en-US","@id":"https:\/\/fazendasertao.com\/#\/schema\/logo\/image\/","url":"https:\/\/fazendasertao.com\/wp-content\/uploads\/2024\/01\/Logo-Horizontal.webp","contentUrl":"https:\/\/fazendasertao.com\/wp-content\/uploads\/2024\/01\/Logo-Horizontal.webp","width":500,"height":335,"caption":"fazendasertao.com"},"image":{"@id":"https:\/\/fazendasertao.com\/#\/schema\/logo\/image\/"}},{"@type":"Person","@id":"https:\/\/fazendasertao.com\/#\/schema\/person\/38649f5554d86b548a0525420d7a4d82","name":"fazendasertao.com","image":{"@type":"ImageObject","inLanguage":"en-US","@id":"https:\/\/fazendasertao.com\/#\/schema\/person\/image\/","url":"https:\/\/secure.gravatar.com\/avatar\/a1869b495363e323c6bd587a8e161e2a?s=96&d=mm&r=g","contentUrl":"https:\/\/secure.gravatar.com\/avatar\/a1869b495363e323c6bd587a8e161e2a?s=96&d=mm&r=g","caption":"fazendasertao.com"},"sameAs":["http:\/\/fazendasertao.com"],"url":"https:\/\/fazendasertao.com\/index.php\/author\/fazendasertao-com\/"}]}},"_links":{"self":[{"href":"https:\/\/fazendasertao.com\/index.php\/wp-json\/wp\/v2\/posts\/896"}],"collection":[{"href":"https:\/\/fazendasertao.com\/index.php\/wp-json\/wp\/v2\/posts"}],"about":[{"href":"https:\/\/fazendasertao.com\/index.php\/wp-json\/wp\/v2\/types\/post"}],"author":[{"embeddable":true,"href":"https:\/\/fazendasertao.com\/index.php\/wp-json\/wp\/v2\/users\/1"}],"replies":[{"embeddable":true,"href":"https:\/\/fazendasertao.com\/index.php\/wp-json\/wp\/v2\/comments?post=896"}],"version-history":[{"count":3,"href":"https:\/\/fazendasertao.com\/index.php\/wp-json\/wp\/v2\/posts\/896\/revisions"}],"predecessor-version":[{"id":900,"href":"https:\/\/fazendasertao.com\/index.php\/wp-json\/wp\/v2\/posts\/896\/revisions\/900"}],"wp:featuredmedia":[{"embeddable":true,"href":"https:\/\/fazendasertao.com\/index.php\/wp-json\/wp\/v2\/media\/1752"}],"wp:attachment":[{"href":"https:\/\/fazendasertao.com\/index.php\/wp-json\/wp\/v2\/media?parent=896"}],"wp:term":[{"taxonomy":"category","embeddable":true,"href":"https:\/\/fazendasertao.com\/index.php\/wp-json\/wp\/v2\/categories?post=896"},{"taxonomy":"post_tag","embeddable":true,"href":"https:\/\/fazendasertao.com\/index.php\/wp-json\/wp\/v2\/tags?post=896"}],"curies":[{"name":"wp","href":"https:\/\/api.w.org\/{rel}","templated":true}]}}